{"id":941,"date":"2023-01-26T22:00:19","date_gmt":"2023-01-26T20:00:19","guid":{"rendered":"https:\/\/ekva.fi\/?p=941"},"modified":"2023-01-26T22:00:19","modified_gmt":"2023-01-26T20:00:19","slug":"maakohtaiset-teemalauantait-etela-karjalan-automuseolla","status":"publish","type":"post","link":"https:\/\/ekva.fi\/?p=941","title":{"rendered":"Maakohtaiset Teemalauantait Etel\u00e4-Karjalan Automuseolla"},"content":{"rendered":"<p><strong>\u00a0\u00a0\u00a0\u00a0\u00a0\u00a0\u00a0\u00a0\u00a0\u00a0\u00a0\u00a0\u00a0\u00a0\u00a0\u00a0\u00a0\u00a0\u00a0\u00a0\u00a0\u00a0\u00a0\u00a0\u00a0\u00a0\u00a0\u00a0\u00a0\u00a0\u00a0\u00a0\u00a0\u00a0\u00a0\u00a0\u00a0\u00a0 <\/strong><strong>Maateemat Etel\u00e4-Karjalan Automuseolla.<\/strong><\/p>\n<p>Pid\u00e4mme Etel\u00e4-Karjalan Automuseolla kaikille avoimia kokoontumisia maateemoittain kes\u00e4lauantaisin. Pyyd\u00e4mme paikalle saapumaan eri maissa valmistettuja ajoneuvoja sankoin joukoin tutustumaan muihin saman ajoneuvoryhm\u00e4n tuotteisiin ja kuljettajiin. Emme ole ajoneuvojen suhteen ik\u00e4-, emmek\u00e4 k\u00e4ytt\u00f6voimarasisteja, vaan kaikki ovat tervetulleita kokoontumaan ja tutustumaan toisiin kanssakulkijoihin. Arpaonni on suosinut eri maita ja p\u00e4iv\u00e4m\u00e4\u00e4ri\u00e4 seuraavasti.<\/p>\n<p>&nbsp;<\/p>\n<p>3.6.\u00a0\u00a0\u00a0 Suomalaiset ajoneuvot<\/p>\n<p>17.6.\u00a0 It\u00e4blokin ajoneuvot (Puola, Tshekkoslovakia, It\u00e4-Saksa, Romania jne)<\/p>\n<p>8.7.\u00a0\u00a0\u00a0\u00a0 Yhdistyneet Kuningaskunnat (Iso-Britannia, Intia, Australia jne)<\/p>\n<p>15.7.\u00a0\u00a0 2- ja 3-py\u00f6r\u00e4isten ja traktorien teemap\u00e4iv\u00e4 (moottoripy\u00f6r\u00e4t, mopot, polkupy\u00f6r\u00e4t jne)<\/p>\n<p>22.7.\u00a0\u00a0 Ranskalaiset ajoneuvot<\/p>\n<p>29.7.\u00a0\u00a0 Amerikkalaiset ajoneuvot<\/p>\n<p>5.8.\u00a0\u00a0\u00a0\u00a0 Saksalaiset ajoneuvot<\/p>\n<p>12.8.\u00a0\u00a0 Aasialaiset ajoneuvot (Japanilaiset, kiinalaiset, korealaiset jne)<\/p>\n<p>19.8.\u00a0\u00a0 Italialaiset ajoneuvot<\/p>\n<p>26.8.\u00a0\u00a0 Ruotsalaiset ajoneuvot<\/p>\n<p>Muunkin maalaisilla ajoneuvoilla saa tulla paikalle noina lauantaina, mutta pyrit\u00e4\u00e4n saamaan kyseist\u00e4 edustusta mahdollisimman paljon esille.<\/p>\n<p>&nbsp;<\/p>\n<p>V\u00e4liss\u00e4 olevina viikonloppuina on ohjelmaa<\/p>\n<p>10.6. Kansallinen Museoajoneuvop\u00e4iv\u00e4<\/p>\n<p>24.6. Juhannus<\/p>\n<p>1.7. SSYA 2023<\/p>\n<div id=\"attachment_942\" style=\"width: 310px\" class=\"wp-caption alignnone\"><a href=\"https:\/\/ekva.fi\/wp-content\/uploads\/2023\/01\/2021-11-07_11-04-43-scaled.jpg\"><img aria-describedby=\"caption-attachment-942\" decoding=\"async\" loading=\"lazy\" class=\"size-medium wp-image-942\" src=\"https:\/\/ekva.fi\/wp-content\/uploads\/2023\/01\/2021-11-07_11-04-43-300x225.jpg\" alt=\"\" width=\"300\" height=\"225\" srcset=\"https:\/\/ekva.fi\/wp-content\/uploads\/2023\/01\/2021-11-07_11-04-43-300x225.jpg 300w, https:\/\/ekva.fi\/wp-content\/uploads\/2023\/01\/2021-11-07_11-04-43-1024x768.jpg 1024w, https:\/\/ekva.fi\/wp-content\/uploads\/2023\/01\/2021-11-07_11-04-43-768x576.jpg 768w, https:\/\/ekva.fi\/wp-content\/uploads\/2023\/01\/2021-11-07_11-04-43-1536x1152.jpg 1536w, https:\/\/ekva.fi\/wp-content\/uploads\/2023\/01\/2021-11-07_11-04-43-2048x1536.jpg 2048w, https:\/\/ekva.fi\/wp-content\/uploads\/2023\/01\/2021-11-07_11-04-43-400x300.jpg 400w\" sizes=\"(max-width: 300px) 100vw, 300px\" \/><\/a><p id=\"caption-attachment-942\" class=\"wp-caption-text\">default<\/p><\/div>\n","protected":false},"excerpt":{"rendered":"<p>\u00a0\u00a0\u00a0\u00a0\u00a0\u00a0\u00a0\u00a0\u00a0\u00a0\u00a0\u00a0\u00a0\u00a0\u00a0\u00a0\u00a0\u00a0\u00a0\u00a0\u00a0\u00a0\u00a0\u00a0\u00a0\u00a0\u00a0\u00a0\u00a0\u00a0\u00a0\u00a0\u00a0\u00a0\u00a0\u00a0\u00a0\u00a0 Maateemat Etel\u00e4-Karjalan Automuseolla. Pid\u00e4mme Etel\u00e4-Karjalan Automuseolla kaikille avoimia kokoontumisia maateemoittain kes\u00e4lauantaisin. Pyyd\u00e4mme paikalle saapumaan eri maissa valmistettuja ajoneuvoja sankoin joukoin tutustumaan muihin saman ajoneuvoryhm\u00e4n tuotteisiin ja kuljettajiin. Emme ole ajoneuvojen suhteen ik\u00e4-, emmek\u00e4 k\u00e4ytt\u00f6voimarasisteja, vaan kaikki ovat tervetulleita kokoontumaan &hellip; <a href=\"https:\/\/ekva.fi\/?p=941\">Lue loppuun <span class=\"meta-nav\">&rarr;<\/span><\/a><\/p>\n","protected":false},"author":2,"featured_media":0,"comment_status":"closed","ping_status":"open","sticky":false,"template":"","format":"standard","meta":[],"categories":[1],"tags":[],"_links":{"self":[{"href":"https:\/\/ekva.fi\/index.php?rest_route=\/wp\/v2\/posts\/941"}],"collection":[{"href":"https:\/\/ekva.fi\/index.php?rest_route=\/wp\/v2\/posts"}],"about":[{"href":"https:\/\/ekva.fi\/index.php?rest_route=\/wp\/v2\/types\/post"}],"author":[{"embeddable":true,"href":"https:\/\/ekva.fi\/index.php?rest_route=\/wp\/v2\/users\/2"}],"replies":[{"embeddable":true,"href":"https:\/\/ekva.fi\/index.php?rest_route=%2Fwp%2Fv2%2Fcomments&post=941"}],"version-history":[{"count":1,"href":"https:\/\/ekva.fi\/index.php?rest_route=\/wp\/v2\/posts\/941\/revisions"}],"predecessor-version":[{"id":943,"href":"https:\/\/ekva.fi\/index.php?rest_route=\/wp\/v2\/posts\/941\/revisions\/943"}],"wp:attachment":[{"href":"https:\/\/ekva.fi\/index.php?rest_route=%2Fwp%2Fv2%2Fmedia&parent=941"}],"wp:term":[{"taxonomy":"category","embeddable":true,"href":"https:\/\/ekva.fi\/index.php?rest_route=%2Fwp%2Fv2%2Fcategories&post=941"},{"taxonomy":"post_tag","embeddable":true,"href":"https:\/\/ekva.fi\/index.php?rest_route=%2Fwp%2Fv2%2Ftags&post=941"}],"curies":[{"name":"wp","href":"https:\/\/api.w.org\/{rel}","templated":true}]}}