{"id":768,"date":"2020-05-26T15:25:53","date_gmt":"2020-05-26T12:25:53","guid":{"rendered":"https:\/\/ekva.fi\/?p=768"},"modified":"2021-05-01T16:31:47","modified_gmt":"2021-05-01T13:31:47","slug":"automuseo-avataan-2-6-2020","status":"publish","type":"post","link":"https:\/\/ekva.fi\/?p=768","title":{"rendered":"Automuseo avataan 2.5.2021"},"content":{"rendered":"<p>Etel\u00e4-Karjalan Automuseon museokausi 2021 alkaa sunnuntaina 2.5. Tervetuloa tutustumaan t\u00e4m\u00e4n vuoden n\u00e4yttelyymme.<\/p>\n","protected":false},"excerpt":{"rendered":"<p>Etel\u00e4-Karjalan Automuseon museokausi 2021 alkaa sunnuntaina 2.5. Tervetuloa tutustumaan t\u00e4m\u00e4n vuoden n\u00e4yttelyymme.<\/p>\n","protected":false},"author":2,"featured_media":0,"comment_status":"closed","ping_status":"open","sticky":false,"template":"","format":"standard","meta":[],"categories":[1],"tags":[],"_links":{"self":[{"href":"https:\/\/ekva.fi\/index.php?rest_route=\/wp\/v2\/posts\/768"}],"collection":[{"href":"https:\/\/ekva.fi\/index.php?rest_route=\/wp\/v2\/posts"}],"about":[{"href":"https:\/\/ekva.fi\/index.php?rest_route=\/wp\/v2\/types\/post"}],"author":[{"embeddable":true,"href":"https:\/\/ekva.fi\/index.php?rest_route=\/wp\/v2\/users\/2"}],"replies":[{"embeddable":true,"href":"https:\/\/ekva.fi\/index.php?rest_route=%2Fwp%2Fv2%2Fcomments&post=768"}],"version-history":[{"count":2,"href":"https:\/\/ekva.fi\/index.php?rest_route=\/wp\/v2\/posts\/768\/revisions"}],"predecessor-version":[{"id":844,"href":"https:\/\/ekva.fi\/index.php?rest_route=\/wp\/v2\/posts\/768\/revisions\/844"}],"wp:attachment":[{"href":"https:\/\/ekva.fi\/index.php?rest_route=%2Fwp%2Fv2%2Fmedia&parent=768"}],"wp:term":[{"taxonomy":"category","embeddable":true,"href":"https:\/\/ekva.fi\/index.php?rest_route=%2Fwp%2Fv2%2Fcategories&post=768"},{"taxonomy":"post_tag","embeddable":true,"href":"https:\/\/ekva.fi\/index.php?rest_route=%2Fwp%2Fv2%2Ftags&post=768"}],"curies":[{"name":"wp","href":"https:\/\/api.w.org\/{rel}","templated":true}]}}