{"id":753,"date":"2020-04-05T14:35:26","date_gmt":"2020-04-05T11:35:26","guid":{"rendered":"https:\/\/ekva.fi\/?p=753"},"modified":"2020-05-12T20:59:35","modified_gmt":"2020-05-12T17:59:35","slug":"tapahtumia-on-peruttu","status":"publish","type":"post","link":"https:\/\/ekva.fi\/?p=753","title":{"rendered":"Tapahtumia on peruttu"},"content":{"rendered":"<p>Kev\u00e4t tulla kohisee ja ajokelitkin alkoivat n\u00e4ytt\u00e4\u00e4 hyvilt\u00e4. Tosin sitten pukkasi hieman lunta. Mutta uskotaan ett\u00e4 se helpottaa viel\u00e4 t\u00e4ss\u00e4 ajan kanssa. Valitettavasti toinen joka ei hellit\u00e4 ilmeisesti yht\u00e4 nopeasti, on t\u00e4m\u00e4 korona-virus. Se aiheuttaa my\u00f6s meid\u00e4n toimintoihimme aika paljon kysymysmerkkej\u00e4 ja muutoksia.<\/p>\n<p>Kuukausikokouksien j\u00e4rjest\u00e4minen Automuseolla voi olla mahdollista jo kes\u00e4kuun alusta l\u00e4htien, Asiaan palataan tarkemmin ajan my\u00f6t\u00e4.<\/p>\n<p>Viikottaiset kokoukset Ruukintiell\u00e4 ovat tauolla. Paikalla on joku hallitoimikunnasta, ett\u00e4 kalustoa voidaan hakea k\u00e4ytt\u00f6\u00f6n, mutta muuten pyrit\u00e4\u00e4n v\u00e4ltt\u00e4m\u00e4\u00e4n isompia kokoontumisia ihan oman turvallisuuden vuoksi. J\u00e4senist\u00f6mme ik\u00e4haarukka edustaa kuitenkin aika vahvasti \u201dkaranteeni-ik\u00e4ist\u00e4\u201d porukkaa ja haluamme ett\u00e4 v\u00e4ki pysyy kunnossa jatkossakin.<\/p>\n<p>Kev\u00e4tkokous joudutaan siirt\u00e4m\u00e4\u00e4n my\u00f6hemm\u00e4ksi tulevaisuuteen. Katsotaan milloin sille on mahdollisuus, vai joudummeko j\u00e4rjest\u00e4m\u00e4\u00e4n sen poikkeustavoin. Ehk\u00e4 voimme sen j\u00e4rjest\u00e4\u00e4 jo kes\u00e4kuun aikana.<\/p>\n<p>Suur-Saimaan Ymp\u00e4riajojen Ajotoimikunta on tehnyt p\u00e4\u00e4t\u00f6ksen ettei Suur-Saimaan Ymp\u00e4riajoja j\u00e4rjestet\u00e4 vuonna 2020 vallitsevan tilanteen vuoksi. Seuraavan vuoden ajot on tarkoitus j\u00e4rjest\u00e4\u00e4 ihan normaalisti.<\/p>\n<p>Automuseon avaaminen varmaan viiv\u00e4styy t\u00e4lt\u00e4 vuodelta. Mutta valmistellaan kuitenkin Automuseo siihen valmiuteen ett\u00e4 voimme sen avata tilanteen sen salliessa. Eli huhtikuun viimeinen viikonloppu j\u00e4rjestet\u00e4\u00e4n Automuseon siivoustalkoot.<\/p>\n<p>Retke\u00e4 Lahteen Classic Motor Show:hun ei t\u00e4n\u00e4 vuonna j\u00e4rjestet\u00e4, koska ei itse n\u00e4yttely\u00e4k\u00e4\u00e4n pystyt\u00e4 j\u00e4rjest\u00e4m\u00e4\u00e4n. Samalla j\u00e4i my\u00f6s oman osaston j\u00e4rjestelyt pois.<\/p>\n<p>My\u00f6sk\u00e4\u00e4n Museoik\u00e4isten ajoneuvojen katsastusp\u00e4iv\u00e4\u00e4\u00a0ei j\u00e4rjestet\u00e4 helatorstaina.<\/p>\n<p>Eli aika hiljainen harrastekes\u00e4 on tiedossa. No jokainen voi puuhailla omassa kotitallissaan oman kaluston kanssa ja saada mahdollisesti uusia kulkupelej\u00e4 liikkeelle ehk\u00e4 loppukes\u00e4st\u00e4 tai syksyst\u00e4. Muutenkin jos t\u00e4\u00e4 vuosi menee lev\u00e4tess\u00e4 niin ensi vuonna on sitten reilusti paukkuja harrastukselle \ud83d\ude09<\/p>\n","protected":false},"excerpt":{"rendered":"<p>Kev\u00e4t tulla kohisee ja ajokelitkin alkoivat n\u00e4ytt\u00e4\u00e4 hyvilt\u00e4. Tosin sitten pukkasi hieman lunta. Mutta uskotaan ett\u00e4 se helpottaa viel\u00e4 t\u00e4ss\u00e4 ajan kanssa. Valitettavasti toinen joka ei hellit\u00e4 ilmeisesti yht\u00e4 nopeasti, on t\u00e4m\u00e4 korona-virus. Se aiheuttaa my\u00f6s meid\u00e4n toimintoihimme aika paljon &hellip; <a href=\"https:\/\/ekva.fi\/?p=753\">Lue loppuun <span class=\"meta-nav\">&rarr;<\/span><\/a><\/p>\n","protected":false},"author":2,"featured_media":0,"comment_status":"closed","ping_status":"open","sticky":false,"template":"","format":"standard","meta":[],"categories":[1],"tags":[],"_links":{"self":[{"href":"https:\/\/ekva.fi\/index.php?rest_route=\/wp\/v2\/posts\/753"}],"collection":[{"href":"https:\/\/ekva.fi\/index.php?rest_route=\/wp\/v2\/posts"}],"about":[{"href":"https:\/\/ekva.fi\/index.php?rest_route=\/wp\/v2\/types\/post"}],"author":[{"embeddable":true,"href":"https:\/\/ekva.fi\/index.php?rest_route=\/wp\/v2\/users\/2"}],"replies":[{"embeddable":true,"href":"https:\/\/ekva.fi\/index.php?rest_route=%2Fwp%2Fv2%2Fcomments&post=753"}],"version-history":[{"count":3,"href":"https:\/\/ekva.fi\/index.php?rest_route=\/wp\/v2\/posts\/753\/revisions"}],"predecessor-version":[{"id":765,"href":"https:\/\/ekva.fi\/index.php?rest_route=\/wp\/v2\/posts\/753\/revisions\/765"}],"wp:attachment":[{"href":"https:\/\/ekva.fi\/index.php?rest_route=%2Fwp%2Fv2%2Fmedia&parent=753"}],"wp:term":[{"taxonomy":"category","embeddable":true,"href":"https:\/\/ekva.fi\/index.php?rest_route=%2Fwp%2Fv2%2Fcategories&post=753"},{"taxonomy":"post_tag","embeddable":true,"href":"https:\/\/ekva.fi\/index.php?rest_route=%2Fwp%2Fv2%2Ftags&post=753"}],"curies":[{"name":"wp","href":"https:\/\/api.w.org\/{rel}","templated":true}]}}