{"id":255,"date":"2015-08-25T20:42:00","date_gmt":"2015-08-25T17:42:00","guid":{"rendered":"http:\/\/ekva.fi\/?p=255"},"modified":"2015-08-25T20:42:33","modified_gmt":"2015-08-25T17:42:33","slug":"ajoneuvoille-sailytystilaa-tarjolla-lappeenrannassa","status":"publish","type":"post","link":"https:\/\/ekva.fi\/?p=255","title":{"rendered":"S\u00e4ilytystilaa tarjolla Lappeenrannassa"},"content":{"rendered":"<p>Etel\u00e4-Karjalan vanhat ajoneuvot ry tarjoaa l\u00e4mpim\u00e4st\u00e4 ja kuivasta hallista Lappeenrannasta j\u00e4senilleen pitk\u00e4aikais- ja talvis\u00e4ilytystilaa ajoneuvoille. Paikat on tarkoitettu ensisijassa henkil\u00f6- ja pakettiautoille, mutta my\u00f6s muille ajoneuvoille.<\/p>\n<p>S\u00e4ilytyspaikkoja on tarjolla kahdenlaisia: kunnostusmahdollisuudella (kunnostuspaikka) ja ilman (s\u00e4ilytyspaikka). Tulit\u00f6it\u00e4, p\u00f6ly\u00e4v\u00e4\u00e4 ty\u00f6st\u00f6\u00e4 tai nesteiden k\u00e4sittely\u00e4 ei sallita, joten kunnostuspaikka mahdollistaa l\u00e4hinn\u00e4 purkamis- ja kokoamismahdollisuuden jne.<\/p>\n<p>Hallitoimikunta on p\u00e4\u00e4tt\u00e4nyt s\u00e4ilytys- ja kunnostuspaikkojen hinnat ja kategoriat seuraavasti:<\/p>\n<ul>\n<li>\u00a0Vuokrasopimukset v\u00e4hint\u00e4\u00e4n 12 kk, ajoneuvon pituus max 4.5 m, s\u00e4ilytyspaikka 40 \u20ac \/ kk, kunnostuspaikka 70 \u20ac \/ kk<\/li>\n<li>Vuokrasopimukset v\u00e4hint\u00e4\u00e4n 12 kk, ajoneuvon pituus 4.5 &#8211; 6 m, s\u00e4ilytyspaikka 50 \u20ac \/ kk, kunnostuspaikka 80 \u20ac \/ kk<\/li>\n<li>Vuokrasopimukset alle 12 kk, ajoneuvon pituus max 4.5 m, s\u00e4ilytyspaikka 60 \u20ac \/ kk, kunnostuspaikka 110 \u20ac \/ kk<\/li>\n<li>Vuokrasopimukset alle 12 kk, ajoneuvon pituus 4.5 &#8211; 6 m, s\u00e4ilytyspaikka 70 \u20ac \/ kk, kunnostuspaikka 130 \u20ac \/ kk<\/li>\n<\/ul>\n<p>Pidemm\u00e4t ajoneuvot kuin 6 m hinnoitellaan neli\u00f6hinnalla.<\/p>\n<p>S\u00e4ilytys- ja kunnostuspaikkoja on viel\u00e4 jonkin verran tarjolla. Etusijalla paikkoja t\u00e4ytett\u00e4ess\u00e4 ovat pitk\u00e4aikaisen vuokrasopimuksen tekev\u00e4t. \u00a0Paikat t\u00e4ytet\u00e4\u00e4n ilmoittautumisj\u00e4rjestyksess\u00e4 niin kauan kuin paikkoja on.\u00a0E-KVA:n j\u00e4senyys on edellytys paikan vuokraamiselle (uusia j\u00e4seni\u00e4 otetaan mielell\u00e4\u00e4n mukaan toimintaan).<\/p>\n<p>Etuna t\u00e4ss\u00e4 s\u00e4ilytystilassa on, ett\u00e4 se on tarkoitettu vain j\u00e4senille sek\u00e4, ett\u00e4 tila on l\u00e4mmin ja kuiva.<\/p>\n<p>Yhteydenotot vuokrauksista: Sami Heinil\u00e4, Puh. 050 3572 302,\u00a0<a href=\"mailto:sami.t.heinila@gmail.com\">sami.t.heinila@gmail.com<\/a><\/p>\n","protected":false},"excerpt":{"rendered":"<p>Etel\u00e4-Karjalan vanhat ajoneuvot ry tarjoaa l\u00e4mpim\u00e4st\u00e4 ja kuivasta hallista Lappeenrannasta j\u00e4senilleen pitk\u00e4aikais- ja talvis\u00e4ilytystilaa ajoneuvoille. Paikat on tarkoitettu ensisijassa henkil\u00f6- ja pakettiautoille, mutta my\u00f6s muille ajoneuvoille. S\u00e4ilytyspaikkoja on tarjolla kahdenlaisia: kunnostusmahdollisuudella (kunnostuspaikka) ja ilman (s\u00e4ilytyspaikka). Tulit\u00f6it\u00e4, p\u00f6ly\u00e4v\u00e4\u00e4 ty\u00f6st\u00f6\u00e4 tai nesteiden &hellip; <a href=\"https:\/\/ekva.fi\/?p=255\">Lue loppuun <span class=\"meta-nav\">&rarr;<\/span><\/a><\/p>\n","protected":false},"author":1,"featured_media":0,"comment_status":"closed","ping_status":"open","sticky":false,"template":"","format":"standard","meta":[],"categories":[1],"tags":[],"_links":{"self":[{"href":"https:\/\/ekva.fi\/index.php?rest_route=\/wp\/v2\/posts\/255"}],"collection":[{"href":"https:\/\/ekva.fi\/index.php?rest_route=\/wp\/v2\/posts"}],"about":[{"href":"https:\/\/ekva.fi\/index.php?rest_route=\/wp\/v2\/types\/post"}],"author":[{"embeddable":true,"href":"https:\/\/ekva.fi\/index.php?rest_route=\/wp\/v2\/users\/1"}],"replies":[{"embeddable":true,"href":"https:\/\/ekva.fi\/index.php?rest_route=%2Fwp%2Fv2%2Fcomments&post=255"}],"version-history":[{"count":2,"href":"https:\/\/ekva.fi\/index.php?rest_route=\/wp\/v2\/posts\/255\/revisions"}],"predecessor-version":[{"id":257,"href":"https:\/\/ekva.fi\/index.php?rest_route=\/wp\/v2\/posts\/255\/revisions\/257"}],"wp:attachment":[{"href":"https:\/\/ekva.fi\/index.php?rest_route=%2Fwp%2Fv2%2Fmedia&parent=255"}],"wp:term":[{"taxonomy":"category","embeddable":true,"href":"https:\/\/ekva.fi\/index.php?rest_route=%2Fwp%2Fv2%2Fcategories&post=255"},{"taxonomy":"post_tag","embeddable":true,"href":"https:\/\/ekva.fi\/index.php?rest_route=%2Fwp%2Fv2%2Ftags&post=255"}],"curies":[{"name":"wp","href":"https:\/\/api.w.org\/{rel}","templated":true}]}}