{"id":165,"date":"2014-07-08T09:39:01","date_gmt":"2014-07-08T06:39:01","guid":{"rendered":"http:\/\/ekva.fi\/?p=165"},"modified":"2014-07-08T09:39:35","modified_gmt":"2014-07-08T06:39:35","slug":"kuukausiajelu-8-7-2014","status":"publish","type":"post","link":"https:\/\/ekva.fi\/?p=165","title":{"rendered":"Kuukausiajelu 8.7.2014"},"content":{"rendered":"<p><span style=\"color: #222222;\">Torstaina 8.7. on taas\u00a0kuukausiajelu. Kokoontuminen\u00a0klo 17.30 \u00a0museolla ja sielt\u00e4 l\u00e4ht\u00f6 Kari Pulkkisen Uimolan savusaunaan\u00a0<\/span><a style=\"color: #1155cc;\" href=\"http:\/\/www.uimolansavusauna.com\/\" target=\"_blank\">www.uimolansavusauna.com<\/a><span style=\"color: #222222;\">.<\/span><\/p>\n","protected":false},"excerpt":{"rendered":"<p>Torstaina 8.7. on taas\u00a0kuukausiajelu. Kokoontuminen\u00a0klo 17.30 \u00a0museolla ja sielt\u00e4 l\u00e4ht\u00f6 Kari Pulkkisen Uimolan savusaunaan\u00a0www.uimolansavusauna.com.<\/p>\n","protected":false},"author":1,"featured_media":0,"comment_status":"closed","ping_status":"open","sticky":false,"template":"","format":"standard","meta":[],"categories":[1],"tags":[],"_links":{"self":[{"href":"https:\/\/ekva.fi\/index.php?rest_route=\/wp\/v2\/posts\/165"}],"collection":[{"href":"https:\/\/ekva.fi\/index.php?rest_route=\/wp\/v2\/posts"}],"about":[{"href":"https:\/\/ekva.fi\/index.php?rest_route=\/wp\/v2\/types\/post"}],"author":[{"embeddable":true,"href":"https:\/\/ekva.fi\/index.php?rest_route=\/wp\/v2\/users\/1"}],"replies":[{"embeddable":true,"href":"https:\/\/ekva.fi\/index.php?rest_route=%2Fwp%2Fv2%2Fcomments&post=165"}],"version-history":[{"count":2,"href":"https:\/\/ekva.fi\/index.php?rest_route=\/wp\/v2\/posts\/165\/revisions"}],"predecessor-version":[{"id":167,"href":"https:\/\/ekva.fi\/index.php?rest_route=\/wp\/v2\/posts\/165\/revisions\/167"}],"wp:attachment":[{"href":"https:\/\/ekva.fi\/index.php?rest_route=%2Fwp%2Fv2%2Fmedia&parent=165"}],"wp:term":[{"taxonomy":"category","embeddable":true,"href":"https:\/\/ekva.fi\/index.php?rest_route=%2Fwp%2Fv2%2Fcategories&post=165"},{"taxonomy":"post_tag","embeddable":true,"href":"https:\/\/ekva.fi\/index.php?rest_route=%2Fwp%2Fv2%2Ftags&post=165"}],"curies":[{"name":"wp","href":"https:\/\/api.w.org\/{rel}","templated":true}]}}